{"id":832604,"date":"2025-09-05T22:00:00","date_gmt":"2025-09-05T22:00:00","guid":{"rendered":"https:\/\/www.noticel.com\/?post_type=article&#038;p=216745"},"modified":"2025-09-05T22:00:00","modified_gmt":"2025-09-05T22:00:00","slug":"cheech-chong-una-vida-de-risas-rebeldia-y-legado-2__trashed","status":"publish","type":"post","link":"https:\/\/staging.noticel.com\/en\/entretenimiento\/cine\/20250905\/cheech-chong-una-vida-de-risas-rebeldia-y-legado-2__trashed\/","title":{"rendered":"Cheech &amp; Chong: una vida de risas, rebeld\u00eda y legado"},"content":{"rendered":"<h3>En entrevista con NotiCel, ambos comediantes conversaron sobre sus inicios, el valor de la contracultura y la energ\u00eda que a\u00fan los impulsa.<\/h3>\n<p>Hay etapas en la vida que marcaron generaciones. Programas de televisi\u00f3n, pel\u00edculas y personajes que se quedaron en nuestras mentes desde la ni\u00f1ez hasta la adultez. Muchos de ellos los recordamos exactamente como los vimos por primera vez, como si vivieran eternamente en nuestra memoria. Ese fen\u00f3meno se llama imaginario colectivo, y aplica perfectamente para el nuevo documental \u00abCheech &amp; Chong\u2019s Last Movie\u00bb.<\/p>\n<p>Este largometraje no solo celebra m\u00e1s de cinco d\u00e9cadas de carrera humor\u00edstica, musical y cinematogr\u00e1fica, tambi\u00e9n retrata con honestidad y nostalgia a dos \u00edconos que rompieron barreras culturales desde los a\u00f1os 70: Cheech Marin y Tommy Chong.<\/p>\n<p>En entrevista con NotiCel, ambos comediantes conversaron sobre sus inicios, el valor de la contracultura y la energ\u00eda que a\u00fan los impulsa.<\/p>\n<p><strong id=\"strong-57da609a925cc35b092b011a8f44a995\">Una amistad que empez\u00f3 con confianza y risas<\/strong><\/p>\n<p>La qu\u00edmica entre Cheech y Chong, tan evidente en sus pel\u00edculas, naci\u00f3 de algo sencillo: confianza. \u201cDesde el principio, \u00e9l me pagaba lo que promet\u00eda\u201d, dice Cheech entre risas. \u201cEso fue el primer paso de nuestra conexi\u00f3n\u201d.<\/p>\n<p>Tommy recuerda haberle ofrecido un trabajo a Cheech cuando este todav\u00eda entregaba alfombras. La propuesta era tan inesperada como irresistible: \u00abLe ofrec\u00ed un trabajo en el que pod\u00eda divertirse, hacer re\u00edr a la gente y rodearse de mujeres atractivas sobre el escenario. Tuvo que pensarlo un poco\u201d, bromea.<\/p>\n<p><strong id=\"strong-7d9cdeb119ea874f212fc843ab04eda3\">Rebeldes con causa<\/strong><\/p>\n<p>La esencia de Cheech &amp; Chong siempre fue desafiar lo establecido. \u201cNo \u00e9ramos normales\u201d, afirma Tommy. \u201cSiempre gravitamos hacia lo salvaje. No era por robar o hacer da\u00f1o, era por el look, por la actitud&#8230; por c\u00f3mo las chicas prefer\u00edan a los chicos malos\u201d.<\/p>\n<p>Ese esp\u00edritu contracultural sigue vivo, aunque Chong reconoce que replicarlo hoy es dif\u00edcil: \u201cLo que hicimos fue \u00fanico porque tomamos decisiones que otros no tomaban. \u00c9ramos latinos distintos, callejeros, con estilo propio, fuera de lo convencional. Represent\u00e1bamos a los que no encajaban en lo \u2018correcto\u201d.<\/p>\n<p><strong id=\"strong-d9f9011d3b9fb4e499ff68f424c73cad\">Reflexi\u00f3n sin nostalgia barata<\/strong><\/p>\n<p>Aunque el documental mira hacia atr\u00e1s, no cae en sentimentalismos. Para Cheech, el proceso fue una especie de reencuentro con el ritmo de escuchar y responder, base del buen humor. \u201cLa esencia de la comedia est\u00e1 en escuchar, estar presente con tu compa\u00f1ero. Volver a eso fue especial\u201d.<\/p>\n<p>Tommy, por su parte, celebra el resultado y, sobre todo, su decisi\u00f3n de mantenerse al margen del montaje final. \u201cMe felicit\u00e9 por no intervenir. Dej\u00e9 que el talento hablara por s\u00ed solo. Me alegra que lo hayan capturado tan bien\u201d.<\/p>\n<p><strong id=\"strong-ace699ae46a1c22baca5d8f0a95679c2\">\u00bfEl \u00faltimo viaje? No tan r\u00e1pido<\/strong><\/p>\n<p>Aunque el t\u00edtulo sugiere un cierre, Tommy aclara que esto no es una despedida. \u201cCheech &amp; Chong\u2019s Last Movie suena final, pero no lo es. Ahora lo que viene son biopics, historias sobre nuestras vidas, sobre la familia de Cheech, sobre nuestros comienzos. Hay mucho por contar todav\u00eda\u201d.<\/p>\n<p>Adem\u00e1s, Chong est\u00e1 desarrollando un nuevo proyecto del que no quiso dar detalles, pero dej\u00f3 claro que a\u00fan tienen mucho que ofrecer: \u201cEsto nos da una plataforma para decirle al mundo que seguimos aqu\u00ed\u201d.<\/p>\n<p>Cheech &amp; Chong son m\u00e1s que una dupla c\u00f3mica. Son un fen\u00f3meno cultural que, gracias al imaginario colectivo, seguir\u00e1 presente en la memoria de quienes crecieron con su humor irreverente y sus personajes inolvidables. El documental Cheech &amp; Chong\u2019s Last Movie no es un punto final, sino una pausa para celebrar, recordar y seguir riendo.<\/p>","protected":false},"excerpt":{"rendered":"<p>En entrevista con NotiCel, ambos comediantes conversaron sobre sus inicios, el valor de la contracultura y la energ\u00eda que a\u00fan los impulsa. Hay etapas en la vida que marcaron generaciones. Programas de televisi\u00f3n, pel\u00edculas y personajes que se quedaron en nuestras mentes desde la ni\u00f1ez hasta la adultez. Muchos de ellos los recordamos exactamente como [&hellip;]<\/p>","protected":false},"author":91,"featured_media":525003,"comment_status":"closed","ping_status":"closed","sticky":false,"template":"","format":"standard","meta":{"_acf_changed":false,"ep_exclude_from_search":false,"footnotes":""},"categories":[55],"tags":[],"class_list":["post-832604","post","type-post","status-publish","format-standard","has-post-thumbnail","hentry","category-cine"],"acf":[],"aioseo_notices":[],"_links":{"self":[{"href":"https:\/\/staging.noticel.com\/en\/wp-json\/wp\/v2\/posts\/832604","targetHints":{"allow":["GET"]}}],"collection":[{"href":"https:\/\/staging.noticel.com\/en\/wp-json\/wp\/v2\/posts"}],"about":[{"href":"https:\/\/staging.noticel.com\/en\/wp-json\/wp\/v2\/types\/post"}],"author":[{"embeddable":true,"href":"https:\/\/staging.noticel.com\/en\/wp-json\/wp\/v2\/users\/91"}],"replies":[{"embeddable":true,"href":"https:\/\/staging.noticel.com\/en\/wp-json\/wp\/v2\/comments?post=832604"}],"version-history":[{"count":1,"href":"https:\/\/staging.noticel.com\/en\/wp-json\/wp\/v2\/posts\/832604\/revisions"}],"predecessor-version":[{"id":837682,"href":"https:\/\/staging.noticel.com\/en\/wp-json\/wp\/v2\/posts\/832604\/revisions\/837682"}],"wp:featuredmedia":[{"embeddable":true,"href":"https:\/\/staging.noticel.com\/en\/wp-json\/wp\/v2\/media\/525003"}],"wp:attachment":[{"href":"https:\/\/staging.noticel.com\/en\/wp-json\/wp\/v2\/media?parent=832604"}],"wp:term":[{"taxonomy":"category","embeddable":true,"href":"https:\/\/staging.noticel.com\/en\/wp-json\/wp\/v2\/categories?post=832604"},{"taxonomy":"post_tag","embeddable":true,"href":"https:\/\/staging.noticel.com\/en\/wp-json\/wp\/v2\/tags?post=832604"}],"curies":[{"name":"wp","href":"https:\/\/api.w.org\/{rel}","templated":true}]}}