{"id":499194,"date":"2025-09-05T22:01:28","date_gmt":"2025-09-05T22:01:28","guid":{"rendered":"https:\/\/www.noticel.com\/?post_type=article&#038;p=218370"},"modified":"2025-09-05T22:01:28","modified_gmt":"2025-09-05T22:01:28","slug":"el-derecho-de-educar-a-un-ser-humano-es-irrefutable-afirma-decana-de-la-upr__trashed","status":"publish","type":"post","link":"https:\/\/staging.noticel.com\/en\/ultima-hora\/20250905\/el-derecho-de-educar-a-un-ser-humano-es-irrefutable-afirma-decana-de-la-upr__trashed\/","title":{"rendered":"\u201cEl derecho de educar a un ser humano es irrefutable\u201d, afirma decana de la UPR"},"content":{"rendered":"<h3>Gloria D\u00edaz Urbina rehus\u00f3 permanecer en silencio ante las \u00f3rdenes de limitar los accesos de las personas con estatus migratorio sin definir.<\/h3>\n<p>El silencio no era una alternativa para Gloria D\u00edaz Urbina, decana de estudiantes de la Universidad de Puerto Rico Recinto de R\u00edo Piedras, ante las pr\u00e1cticas de las autoridades federales hacia las personas con estatus migratorio sin definir que residen en la isla.<\/p>\n<p>Por ello, envi\u00f3 un tajante mensaje durante la graduaci\u00f3n de la UPR a pesar de que sus expresiones podr\u00edan venir acompa\u00f1ada de consecuencias.<\/p>\n<p>\u201cEso nos afecta y hay que levantar la voz\u201d, afirm\u00f3 D\u00edaz Urbina durante una intervenci\u00f3n en el programa Primer Round transmitido por Magic 97.3 FM.<\/p>\n<p>\u201cEs la realidad de lo que estamos viviendo. En las redes sociales, las noticias, el Internet y en la televisi\u00f3n vemos lo que est\u00e1 ocurriendo, pero es como si fuera en otro lugar y no aqu\u00ed (Puerto Rico)\u201d, agreg\u00f3.<\/p>\n<p>La decana resalt\u00f3 que las mermas en registros de estudiantes se deben a m\u00faltiples factores y las intenciones de limitar las aceptaciones a extranjeros agudizar la situaci\u00f3n.<\/p>\n<p>\u201cUno ve la realidad del pa\u00eds porque hay quienes creen que ocurre en Estados Unidos, pero est\u00e1 ocurriendo aqu\u00ed. Pueden ser estudiantes que a lo mejor no se atreven solicitar a una universidad ya sea p\u00fablica o privada o que no tienen el dinero para estudiar\u201d, advirti\u00f3 D\u00edaz Urbina.<\/p>\n<p>\u201cLa baja de estudiantes en todas las universidades, por la parte demogr\u00e1fica o porque gente emigra. La gente no emigra muchas veces porque quiere migrar, hay unas razones detr\u00e1s de eso. \u00bfQui\u00e9n quiere abandonar su tierra? \u00bfQui\u00e9n quiere venir de Per\u00fa a Puerto Rico? \u00bfQui\u00e9n quiere venir de M\u00e9xico, Venezuela, Colombia? \u00bfDe las hermanas islas como (Rep\u00fablica) Dominicana o Hait\u00ed?\u201d, agreg\u00f3.<\/p>\n<p>Asimismo, enfatiz\u00f3 que le preocupa la manera como las autoridades federales han puesto en pr\u00e1ctica las \u00f3rdenes que impuso el presidente Donald Trump de seguir el rastro de migrantes sin un estatus definido para deportar.<\/p>\n<p>\u201cEl recinto de R\u00edo Piedras tiene una diversidad de estudiantes, internacionales tambi\u00e9n que vienen a estudiar. \u00bfQui\u00e9n de un pa\u00eds ante lo que est\u00e1 pasando en la realidad va a querer venir a estudiar a nuestro pa\u00eds si en proceso tienen miedo a que los paren? Son preocupaciones que tenemos porque manejamos esos temas todos los d\u00edas\u201d, sostuvo.<\/p>\n<p>\u201cTenemos que educar que la educaci\u00f3n es parte de lo que garantiza la educaci\u00f3n. \u00bfC\u00f3mo le niego a alguien a educarse porque naci\u00f3 en tal pa\u00eds, porque tiene tal origen o prefiere tal cosa?\u201d, insisti\u00f3 D\u00edaz Urbina.<\/p>\n<p>La administraci\u00f3n Trump lleg\u00f3 al punto de retirar aportaciones federales a Harvard por retar las directrices.<\/p>\n<p>\u201cC\u00f3mo no levantamos la voz independientemente de las consecuencias. Siempre he sido bien vocal en mi instituci\u00f3n. Voy a decir la cosas como son, de frente. Lo que est\u00e1 bien, est\u00e1 bien, pero lo que est\u00e1 mal lo tenemos que reclamar y el derecho de educar a un ser humano es irrefutable\u00bb, concluy\u00f3.<\/p>\n<p>Historias relacionadas:<\/p>\n<p><a href=\"https:\/\/www.noticel.com\/vida\/20250626\/https-www-noticel-com-vida-20250626-decana-de-upr-lanza-sonoro-reclamo-por-la-equidad-para-inmigrantes-durante-graduacion\/\" id=\"link-202af0d2eab384940ab405e1f95c2da4\" target=\"_blank\">Decana de UPR reclama por la equidad para inmigrantes durante graduaci\u00f3n<\/a><\/p>\n<p><a href=\"https:\/\/www.noticel.com\/estados-unidos\/top-stories\/20250523\/gobierno-de-eu-busca-eliminar-protecciones-a-menores-de-edad-detenidos-por-migracion\/\" id=\"link-b85e9d7b4ac7320bddca41d11dce11dc\" target=\"_blank\">Gobierno de EU busca eliminar protecciones a menores de edad detenidos por migraci\u00f3n<\/a><\/p>","protected":false},"excerpt":{"rendered":"<p>Gloria D\u00edaz Urbina rehus\u00f3 permanecer en silencio ante las \u00f3rdenes de limitar los accesos de las personas con estatus migratorio sin definir. El silencio no era una alternativa para Gloria D\u00edaz Urbina, decana de estudiantes de la Universidad de Puerto Rico Recinto de R\u00edo Piedras, ante las pr\u00e1cticas de las autoridades federales hacia las personas [&hellip;]<\/p>","protected":false},"author":100,"featured_media":509880,"comment_status":"closed","ping_status":"closed","sticky":false,"template":"","format":"standard","meta":{"_acf_changed":false,"ep_exclude_from_search":false,"footnotes":""},"categories":[2,69],"tags":[],"class_list":["post-499194","post","type-post","status-publish","format-standard","has-post-thumbnail","hentry","category-ultima-hora","category-vida-y-bienestar"],"acf":[],"aioseo_notices":[],"_links":{"self":[{"href":"https:\/\/staging.noticel.com\/en\/wp-json\/wp\/v2\/posts\/499194","targetHints":{"allow":["GET"]}}],"collection":[{"href":"https:\/\/staging.noticel.com\/en\/wp-json\/wp\/v2\/posts"}],"about":[{"href":"https:\/\/staging.noticel.com\/en\/wp-json\/wp\/v2\/types\/post"}],"author":[{"embeddable":true,"href":"https:\/\/staging.noticel.com\/en\/wp-json\/wp\/v2\/users\/100"}],"replies":[{"embeddable":true,"href":"https:\/\/staging.noticel.com\/en\/wp-json\/wp\/v2\/comments?post=499194"}],"version-history":[{"count":1,"href":"https:\/\/staging.noticel.com\/en\/wp-json\/wp\/v2\/posts\/499194\/revisions"}],"predecessor-version":[{"id":509892,"href":"https:\/\/staging.noticel.com\/en\/wp-json\/wp\/v2\/posts\/499194\/revisions\/509892"}],"wp:featuredmedia":[{"embeddable":true,"href":"https:\/\/staging.noticel.com\/en\/wp-json\/wp\/v2\/media\/509880"}],"wp:attachment":[{"href":"https:\/\/staging.noticel.com\/en\/wp-json\/wp\/v2\/media?parent=499194"}],"wp:term":[{"taxonomy":"category","embeddable":true,"href":"https:\/\/staging.noticel.com\/en\/wp-json\/wp\/v2\/categories?post=499194"},{"taxonomy":"post_tag","embeddable":true,"href":"https:\/\/staging.noticel.com\/en\/wp-json\/wp\/v2\/tags?post=499194"}],"curies":[{"name":"wp","href":"https:\/\/api.w.org\/{rel}","templated":true}]}}